{"id":388,"date":"2022-08-31T13:53:52","date_gmt":"2022-08-31T11:53:52","guid":{"rendered":"https:\/\/sportnazvezaidrija.si\/?p=388"},"modified":"2023-09-07T13:10:32","modified_gmt":"2023-09-07T11:10:32","slug":"sportna-trznica-2022","status":"publish","type":"post","link":"https:\/\/sportnazvezaidrija.si\/?p=388","title":{"rendered":"\u0160PORTNA TR\u017dNICA 2022"},"content":{"rendered":"\n<p class=\"has-text-align-center\"><strong>PRESTAVLJENO NA SREDO 21. SEPTEMBRA!<\/strong><\/p>\n\n\n\n<p>V <sub>(\u010detrtek 8.) <\/sub>septembra bo na Mestnem trgu v Idriji potekala prva \u0160portna tr\u017enica v organizaciji na\u0161e zveze. Pri\u010dnemo ob 16h!<\/p>\n\n\n\n<p>Kaj lahko pri\u010dakujete?<\/p>\n\n\n\n<ul class=\"wp-block-list\">\n<li>spoznali boste ve\u010dino \u0161portnih dru\u0161tev, ki delujejo pod okriljem \u0160ZI,<\/li>\n\n\n\n<li>predstavili vam bodo svojo dejavnost in \u0161porte s katerimi se ukvarjajo,<\/li>\n\n\n\n<li>v marsi\u010dem se boste lahko preizkusili tudi sami,<\/li>\n\n\n\n<li>morda pa vas s \u010dim tudi presenetimo!<\/li>\n<\/ul>\n\n\n\n<p>Prireditev je sofinancirana s strani Fundacije za \u0161port Republike Slovenije.<\/p>\n\n\n<div class=\"wp-block-image\">\n<figure class=\"aligncenter size-full is-resized\"><img loading=\"lazy\" decoding=\"async\" src=\"https:\/\/sportnazvezaidrija.si\/wp-content\/uploads\/2022\/08\/fso-468x60-1.jpg\" alt=\"\" class=\"wp-image-389\" style=\"width:459px;height:59px\" width=\"459\" height=\"59\" srcset=\"https:\/\/sportnazvezaidrija.si\/wp-content\/uploads\/2022\/08\/fso-468x60-1.jpg 468w, https:\/\/sportnazvezaidrija.si\/wp-content\/uploads\/2022\/08\/fso-468x60-1-300x38.jpg 300w\" sizes=\"auto, (max-width: 459px) 100vw, 459px\" \/><\/figure>\n<\/div>\n\n\n<figure class=\"wp-block-image size-full\"><img loading=\"lazy\" decoding=\"async\" width=\"624\" height=\"867\" src=\"https:\/\/sportnazvezaidrija.si\/wp-content\/uploads\/2022\/09\/PlakatST.jpg\" alt=\"\" class=\"wp-image-410\" srcset=\"https:\/\/sportnazvezaidrija.si\/wp-content\/uploads\/2022\/09\/PlakatST.jpg 624w, https:\/\/sportnazvezaidrija.si\/wp-content\/uploads\/2022\/09\/PlakatST-216x300.jpg 216w\" sizes=\"auto, (max-width: 624px) 100vw, 624px\" \/><\/figure>\n","protected":false},"excerpt":{"rendered":"<p>PRESTAVLJENO NA SREDO 21. SEPTEMBRA! V (\u010detrtek 8.) septembra bo na Mestnem trgu v Idriji potekala prva \u0160portna tr\u017enica v organizaciji na\u0161e zveze. Pri\u010dnemo ob 16h! Kaj lahko pri\u010dakujete? Prireditev je sofinancirana s strani Fundacije za \u0161port Republike Slovenije.<\/p>\n","protected":false},"author":1,"featured_media":0,"comment_status":"closed","ping_status":"closed","sticky":false,"template":"","format":"standard","meta":{"neve_meta_sidebar":"","neve_meta_container":"","neve_meta_enable_content_width":"","neve_meta_content_width":0,"neve_meta_title_alignment":"","neve_meta_author_avatar":"","neve_post_elements_order":"","neve_meta_disable_header":"","neve_meta_disable_footer":"","neve_meta_disable_title":"","footnotes":""},"categories":[1],"tags":[],"class_list":["post-388","post","type-post","status-publish","format-standard","hentry","category-nekategorizirano"],"_links":{"self":[{"href":"https:\/\/sportnazvezaidrija.si\/index.php?rest_route=\/wp\/v2\/posts\/388","targetHints":{"allow":["GET"]}}],"collection":[{"href":"https:\/\/sportnazvezaidrija.si\/index.php?rest_route=\/wp\/v2\/posts"}],"about":[{"href":"https:\/\/sportnazvezaidrija.si\/index.php?rest_route=\/wp\/v2\/types\/post"}],"author":[{"embeddable":true,"href":"https:\/\/sportnazvezaidrija.si\/index.php?rest_route=\/wp\/v2\/users\/1"}],"replies":[{"embeddable":true,"href":"https:\/\/sportnazvezaidrija.si\/index.php?rest_route=%2Fwp%2Fv2%2Fcomments&post=388"}],"version-history":[{"count":9,"href":"https:\/\/sportnazvezaidrija.si\/index.php?rest_route=\/wp\/v2\/posts\/388\/revisions"}],"predecessor-version":[{"id":487,"href":"https:\/\/sportnazvezaidrija.si\/index.php?rest_route=\/wp\/v2\/posts\/388\/revisions\/487"}],"wp:attachment":[{"href":"https:\/\/sportnazvezaidrija.si\/index.php?rest_route=%2Fwp%2Fv2%2Fmedia&parent=388"}],"wp:term":[{"taxonomy":"category","embeddable":true,"href":"https:\/\/sportnazvezaidrija.si\/index.php?rest_route=%2Fwp%2Fv2%2Fcategories&post=388"},{"taxonomy":"post_tag","embeddable":true,"href":"https:\/\/sportnazvezaidrija.si\/index.php?rest_route=%2Fwp%2Fv2%2Ftags&post=388"}],"curies":[{"name":"wp","href":"https:\/\/api.w.org\/{rel}","templated":true}]}}