{"id":488,"date":"2023-09-07T13:15:21","date_gmt":"2023-09-07T11:15:21","guid":{"rendered":"https:\/\/sportnazvezaidrija.si\/?p=488"},"modified":"2023-09-19T15:03:43","modified_gmt":"2023-09-19T13:03:43","slug":"sportna-trznica-2023","status":"publish","type":"post","link":"https:\/\/sportnazvezaidrija.si\/?p=488","title":{"rendered":"\u0160PORTNA TR\u017dNICA 2023"},"content":{"rendered":"\n<h3 class=\"wp-block-heading has-text-align-center\">\u0160E ZADNJI POSKUS PRESTAVITVE:<\/h3>\n\n\n\n<h3 class=\"wp-block-heading has-text-align-center\"><strong>ZARADI SLABE VREMENSKE NAPOVEDI PRESTAVLJAMO NA \u010cETRTEK 28. SEPTEMBRA!<\/strong><\/h3>\n\n\n\n<p class=\"has-text-align-center\">V \u010detrtek 14.<sub> <\/sub>septembra bo na Mestnem trgu v Idriji \u017ee drugi\u010d organizirana \u0160portna tr\u017enica. <strong>Pri\u010dnemo ob 16h!<\/strong><\/p>\n\n\n\n<p>Kaj lahko pri\u010dakujete?<\/p>\n\n\n\n<ul class=\"wp-block-list\">\n<li>spoznali boste ve\u010dino \u0161portnih dru\u0161tev, ki delujejo pod okriljem \u0160ZI,<\/li>\n\n\n\n<li>predstavili vam bodo svojo dejavnost in \u0161porte s katerimi se ukvarjajo,<\/li>\n\n\n\n<li>v marsi\u010dem se boste lahko preizkusili tudi sami,<\/li>\n\n\n\n<li>morda pa vas s \u010dim tudi presenetimo!<\/li>\n<\/ul>\n\n\n\n<p class=\"has-text-align-center\"><strong>VLJUDNO VABLJENI!<\/strong><\/p>\n\n\n\n<p>Prireditev je sofinancirana s strani Fundacije za \u0161port Republike Slovenije.<\/p>\n\n\n<div class=\"wp-block-image\">\n<figure class=\"aligncenter size-full is-resized\"><img loading=\"lazy\" decoding=\"async\" src=\"https:\/\/sportnazvezaidrija.si\/wp-content\/uploads\/2022\/08\/fso-468x60-1.jpg\" alt=\"\" class=\"wp-image-389\" style=\"width:459px;height:59px\" width=\"459\" height=\"59\" srcset=\"https:\/\/sportnazvezaidrija.si\/wp-content\/uploads\/2022\/08\/fso-468x60-1.jpg 468w, https:\/\/sportnazvezaidrija.si\/wp-content\/uploads\/2022\/08\/fso-468x60-1-300x38.jpg 300w\" sizes=\"auto, (max-width: 459px) 100vw, 459px\" \/><\/figure>\n<\/div>\n\n\n<figure class=\"wp-block-image size-large\"><img loading=\"lazy\" decoding=\"async\" width=\"723\" height=\"1024\" src=\"http:\/\/sportnazvezaidrija.si\/wp-content\/uploads\/2023\/09\/A1-plakat-sportna-trznica-2023-723x1024.jpg\" alt=\"\" class=\"wp-image-489\" srcset=\"https:\/\/sportnazvezaidrija.si\/wp-content\/uploads\/2023\/09\/A1-plakat-sportna-trznica-2023-723x1024.jpg 723w, https:\/\/sportnazvezaidrija.si\/wp-content\/uploads\/2023\/09\/A1-plakat-sportna-trznica-2023-212x300.jpg 212w, https:\/\/sportnazvezaidrija.si\/wp-content\/uploads\/2023\/09\/A1-plakat-sportna-trznica-2023-768x1087.jpg 768w, https:\/\/sportnazvezaidrija.si\/wp-content\/uploads\/2023\/09\/A1-plakat-sportna-trznica-2023-1085x1536.jpg 1085w, https:\/\/sportnazvezaidrija.si\/wp-content\/uploads\/2023\/09\/A1-plakat-sportna-trznica-2023-1447x2048.jpg 1447w, https:\/\/sportnazvezaidrija.si\/wp-content\/uploads\/2023\/09\/A1-plakat-sportna-trznica-2023-scaled.jpg 1808w\" sizes=\"auto, (max-width: 723px) 100vw, 723px\" \/><\/figure>\n","protected":false},"excerpt":{"rendered":"<p>\u0160E ZADNJI POSKUS PRESTAVITVE: ZARADI SLABE VREMENSKE NAPOVEDI PRESTAVLJAMO NA \u010cETRTEK 28. SEPTEMBRA! V \u010detrtek 14. septembra bo na Mestnem trgu v Idriji \u017ee drugi\u010d organizirana \u0160portna tr\u017enica. Pri\u010dnemo ob 16h! Kaj lahko pri\u010dakujete? VLJUDNO VABLJENI! Prireditev je sofinancirana s strani Fundacije za \u0161port Republike Slovenije.<\/p>\n","protected":false},"author":1,"featured_media":0,"comment_status":"closed","ping_status":"closed","sticky":false,"template":"","format":"standard","meta":{"neve_meta_sidebar":"","neve_meta_container":"","neve_meta_enable_content_width":"","neve_meta_content_width":0,"neve_meta_title_alignment":"","neve_meta_author_avatar":"","neve_post_elements_order":"","neve_meta_disable_header":"","neve_meta_disable_footer":"","neve_meta_disable_title":"","footnotes":""},"categories":[1],"tags":[],"class_list":["post-488","post","type-post","status-publish","format-standard","hentry","category-nekategorizirano"],"_links":{"self":[{"href":"https:\/\/sportnazvezaidrija.si\/index.php?rest_route=\/wp\/v2\/posts\/488","targetHints":{"allow":["GET"]}}],"collection":[{"href":"https:\/\/sportnazvezaidrija.si\/index.php?rest_route=\/wp\/v2\/posts"}],"about":[{"href":"https:\/\/sportnazvezaidrija.si\/index.php?rest_route=\/wp\/v2\/types\/post"}],"author":[{"embeddable":true,"href":"https:\/\/sportnazvezaidrija.si\/index.php?rest_route=\/wp\/v2\/users\/1"}],"replies":[{"embeddable":true,"href":"https:\/\/sportnazvezaidrija.si\/index.php?rest_route=%2Fwp%2Fv2%2Fcomments&post=488"}],"version-history":[{"count":4,"href":"https:\/\/sportnazvezaidrija.si\/index.php?rest_route=\/wp\/v2\/posts\/488\/revisions"}],"predecessor-version":[{"id":504,"href":"https:\/\/sportnazvezaidrija.si\/index.php?rest_route=\/wp\/v2\/posts\/488\/revisions\/504"}],"wp:attachment":[{"href":"https:\/\/sportnazvezaidrija.si\/index.php?rest_route=%2Fwp%2Fv2%2Fmedia&parent=488"}],"wp:term":[{"taxonomy":"category","embeddable":true,"href":"https:\/\/sportnazvezaidrija.si\/index.php?rest_route=%2Fwp%2Fv2%2Fcategories&post=488"},{"taxonomy":"post_tag","embeddable":true,"href":"https:\/\/sportnazvezaidrija.si\/index.php?rest_route=%2Fwp%2Fv2%2Ftags&post=488"}],"curies":[{"name":"wp","href":"https:\/\/api.w.org\/{rel}","templated":true}]}}